{"id":3498,"date":"2015-11-13T14:17:00","date_gmt":"2015-11-13T14:17:00","guid":{"rendered":"http:\/\/venac.be\/fr\/?p=3498"},"modified":"2016-08-25T19:41:54","modified_gmt":"2016-08-25T19:41:54","slug":"venac-demarre-letude-du-projet-belair-rac-4","status":"publish","type":"post","link":"https:\/\/www.venac.be\/fr\/venac-demarre-letude-du-projet-belair-rac-4\/","title":{"rendered":"VENAC d\u00e9marre l&rsquo;\u00e9tude du projet BELAIR &#8211; RAC 4"},"content":{"rendered":"<p>VENAC a \u00e9t\u00e9 d\u00e9sign\u00e9 par <strong>Immobel<\/strong> \/ <strong>Breevast<\/strong> comme bureau d&rsquo;\u00e9tude et conseil acoustique pour le projet <strong>BELAIR &#8211; RAC 4<\/strong>. En collaboration avec les architectes <strong>Jaspers-Eyers<\/strong> et <strong>Archi2000<\/strong>, les bureaux d&rsquo;\u00e9tudes <strong>TPF Engineering<\/strong> (techniques) et <strong>VK Engineering<\/strong> (stabilit\u00e9), un ensemble de 45.000m\u00b2 de <strong>logements<\/strong>, une <strong>\u00e9cole maternelle et primaire<\/strong> de 4.500m\u00b2 et 4.400m\u00b2 de <strong>surfaces commerciales<\/strong> serra r\u00e9alis\u00e9 sur le site entre le jardin Pech\u00e8re, le Boulevard Pach\u00e9co et la rue Montagne de l&rsquo;Oratoire \u00e0 Bruxelles.<\/p>\n","protected":false},"excerpt":{"rendered":"<p>VENAC a \u00e9t\u00e9 d\u00e9sign\u00e9 par Immobel \/ Breevast comme bureau d&rsquo;\u00e9tude et conseil acoustique pour le projet BELAIR &#8211; RAC 4. En collaboration avec les architectes Jaspers-Eyers et Archi2000, les [&hellip;]<\/p>\n<p><a href=\"https:\/\/www.venac.be\/fr\/venac-demarre-letude-du-projet-belair-rac-4\/\" class=\"more-link style1-button\">Read More<\/a><\/p>","protected":false},"author":2,"featured_media":3495,"comment_status":"closed","ping_status":"closed","sticky":false,"template":"","format":"standard","meta":{"_exactmetrics_skip_tracking":false,"_exactmetrics_sitenote_active":false,"_exactmetrics_sitenote_note":"","_exactmetrics_sitenote_category":0,"footnotes":""},"categories":[53],"tags":[],"class_list":["post-3498","post","type-post","status-publish","format-standard","has-post-thumbnail","hentry","category-projets"],"yoast_head":"<!-- This site is optimized with the Yoast SEO plugin v23.1 - https:\/\/yoast.com\/wordpress\/plugins\/seo\/ -->\n<title>VENAC d\u00e9marre l&#039;\u00e9tude du projet BELAIR - RAC 4 - VENAC<\/title>\n<meta name=\"robots\" content=\"index, follow, max-snippet:-1, max-image-preview:large, max-video-preview:-1\" \/>\n<link rel=\"canonical\" href=\"https:\/\/www.venac.be\/fr\/venac-demarre-letude-du-projet-belair-rac-4\/\" \/>\n<meta property=\"og:locale\" content=\"fr_FR\" \/>\n<meta property=\"og:type\" content=\"article\" \/>\n<meta property=\"og:title\" content=\"VENAC d\u00e9marre l&#039;\u00e9tude du projet BELAIR - RAC 4 - VENAC\" \/>\n<meta property=\"og:description\" content=\"VENAC a \u00e9t\u00e9 d\u00e9sign\u00e9 par Immobel \/ Breevast comme bureau d&rsquo;\u00e9tude et conseil acoustique pour le projet BELAIR &#8211; RAC 4. En collaboration avec les architectes Jaspers-Eyers et Archi2000, les [&hellip;]\" \/>\n<meta property=\"og:url\" content=\"https:\/\/www.venac.be\/fr\/venac-demarre-letude-du-projet-belair-rac-4\/\" \/>\n<meta property=\"og:site_name\" content=\"VENAC\" \/>\n<meta property=\"article:published_time\" content=\"2015-11-13T14:17:00+00:00\" \/>\n<meta property=\"article:modified_time\" content=\"2016-08-25T19:41:54+00:00\" \/>\n<meta property=\"og:image\" content=\"https:\/\/www.venac.be\/wp-content\/uploads\/2015\/11\/RAC4-1024x729.jpg\" \/>\n\t<meta property=\"og:image:width\" content=\"1024\" \/>\n\t<meta property=\"og:image:height\" content=\"729\" \/>\n\t<meta property=\"og:image:type\" content=\"image\/jpeg\" \/>\n<meta name=\"author\" content=\"Tom\" \/>\n<meta name=\"twitter:card\" content=\"summary_large_image\" \/>\n<meta name=\"twitter:label1\" content=\"\u00c9crit par\" \/>\n\t<meta name=\"twitter:data1\" content=\"Tom\" \/>\n<script type=\"application\/ld+json\" class=\"yoast-schema-graph\">{\"@context\":\"https:\/\/schema.org\",\"@graph\":[{\"@type\":\"WebPage\",\"@id\":\"https:\/\/www.venac.be\/fr\/venac-demarre-letude-du-projet-belair-rac-4\/\",\"url\":\"https:\/\/www.venac.be\/fr\/venac-demarre-letude-du-projet-belair-rac-4\/\",\"name\":\"VENAC d\u00e9marre l'\u00e9tude du projet BELAIR - RAC 4 - VENAC\",\"isPartOf\":{\"@id\":\"https:\/\/www.venac.be\/#website\"},\"primaryImageOfPage\":{\"@id\":\"https:\/\/www.venac.be\/fr\/venac-demarre-letude-du-projet-belair-rac-4\/#primaryimage\"},\"image\":{\"@id\":\"https:\/\/www.venac.be\/fr\/venac-demarre-letude-du-projet-belair-rac-4\/#primaryimage\"},\"thumbnailUrl\":\"https:\/\/www.venac.be\/wp-content\/uploads\/2015\/11\/RAC4.jpg\",\"datePublished\":\"2015-11-13T14:17:00+00:00\",\"dateModified\":\"2016-08-25T19:41:54+00:00\",\"author\":{\"@id\":\"https:\/\/www.venac.be\/#\/schema\/person\/6713560791f9acc3ce559cad3924c4f3\"},\"breadcrumb\":{\"@id\":\"https:\/\/www.venac.be\/fr\/venac-demarre-letude-du-projet-belair-rac-4\/#breadcrumb\"},\"inLanguage\":\"fr-FR\",\"potentialAction\":[{\"@type\":\"ReadAction\",\"target\":[\"https:\/\/www.venac.be\/fr\/venac-demarre-letude-du-projet-belair-rac-4\/\"]}]},{\"@type\":\"ImageObject\",\"inLanguage\":\"fr-FR\",\"@id\":\"https:\/\/www.venac.be\/fr\/venac-demarre-letude-du-projet-belair-rac-4\/#primaryimage\",\"url\":\"https:\/\/www.venac.be\/wp-content\/uploads\/2015\/11\/RAC4.jpg\",\"contentUrl\":\"https:\/\/www.venac.be\/wp-content\/uploads\/2015\/11\/RAC4.jpg\",\"width\":4452,\"height\":3171},{\"@type\":\"BreadcrumbList\",\"@id\":\"https:\/\/www.venac.be\/fr\/venac-demarre-letude-du-projet-belair-rac-4\/#breadcrumb\",\"itemListElement\":[{\"@type\":\"ListItem\",\"position\":1,\"name\":\"Home\",\"item\":\"https:\/\/www.venac.be\/fr\/\"},{\"@type\":\"ListItem\",\"position\":2,\"name\":\"VENAC d\u00e9marre l&rsquo;\u00e9tude du projet BELAIR &#8211; RAC 4\"}]},{\"@type\":\"WebSite\",\"@id\":\"https:\/\/www.venac.be\/#website\",\"url\":\"https:\/\/www.venac.be\/\",\"name\":\"VENAC\",\"description\":\"Vibrations, ENgineering &amp; ACoustics consulting\",\"potentialAction\":[{\"@type\":\"SearchAction\",\"target\":{\"@type\":\"EntryPoint\",\"urlTemplate\":\"https:\/\/www.venac.be\/?s={search_term_string}\"},\"query-input\":\"required name=search_term_string\"}],\"inLanguage\":\"fr-FR\"},{\"@type\":\"Person\",\"@id\":\"https:\/\/www.venac.be\/#\/schema\/person\/6713560791f9acc3ce559cad3924c4f3\",\"name\":\"Tom\",\"image\":{\"@type\":\"ImageObject\",\"inLanguage\":\"fr-FR\",\"@id\":\"https:\/\/www.venac.be\/#\/schema\/person\/image\/\",\"url\":\"https:\/\/secure.gravatar.com\/avatar\/1e5a34993c43cc8bfcfec526ee59c1e1?s=96&d=mm&r=g\",\"contentUrl\":\"https:\/\/secure.gravatar.com\/avatar\/1e5a34993c43cc8bfcfec526ee59c1e1?s=96&d=mm&r=g\",\"caption\":\"Tom\"},\"url\":\"https:\/\/www.venac.be\/fr\/author\/admin_cust\/\"}]}<\/script>\n<!-- \/ Yoast SEO plugin. -->","yoast_head_json":{"title":"VENAC d\u00e9marre l'\u00e9tude du projet BELAIR - RAC 4 - VENAC","robots":{"index":"index","follow":"follow","max-snippet":"max-snippet:-1","max-image-preview":"max-image-preview:large","max-video-preview":"max-video-preview:-1"},"canonical":"https:\/\/www.venac.be\/fr\/venac-demarre-letude-du-projet-belair-rac-4\/","og_locale":"fr_FR","og_type":"article","og_title":"VENAC d\u00e9marre l'\u00e9tude du projet BELAIR - RAC 4 - VENAC","og_description":"VENAC a \u00e9t\u00e9 d\u00e9sign\u00e9 par Immobel \/ Breevast comme bureau d&rsquo;\u00e9tude et conseil acoustique pour le projet BELAIR &#8211; RAC 4. En collaboration avec les architectes Jaspers-Eyers et Archi2000, les [&hellip;]","og_url":"https:\/\/www.venac.be\/fr\/venac-demarre-letude-du-projet-belair-rac-4\/","og_site_name":"VENAC","article_published_time":"2015-11-13T14:17:00+00:00","article_modified_time":"2016-08-25T19:41:54+00:00","og_image":[{"width":1024,"height":729,"url":"https:\/\/www.venac.be\/wp-content\/uploads\/2015\/11\/RAC4-1024x729.jpg","type":"image\/jpeg"}],"author":"Tom","twitter_card":"summary_large_image","twitter_misc":{"\u00c9crit par":"Tom"},"schema":{"@context":"https:\/\/schema.org","@graph":[{"@type":"WebPage","@id":"https:\/\/www.venac.be\/fr\/venac-demarre-letude-du-projet-belair-rac-4\/","url":"https:\/\/www.venac.be\/fr\/venac-demarre-letude-du-projet-belair-rac-4\/","name":"VENAC d\u00e9marre l'\u00e9tude du projet BELAIR - RAC 4 - VENAC","isPartOf":{"@id":"https:\/\/www.venac.be\/#website"},"primaryImageOfPage":{"@id":"https:\/\/www.venac.be\/fr\/venac-demarre-letude-du-projet-belair-rac-4\/#primaryimage"},"image":{"@id":"https:\/\/www.venac.be\/fr\/venac-demarre-letude-du-projet-belair-rac-4\/#primaryimage"},"thumbnailUrl":"https:\/\/www.venac.be\/wp-content\/uploads\/2015\/11\/RAC4.jpg","datePublished":"2015-11-13T14:17:00+00:00","dateModified":"2016-08-25T19:41:54+00:00","author":{"@id":"https:\/\/www.venac.be\/#\/schema\/person\/6713560791f9acc3ce559cad3924c4f3"},"breadcrumb":{"@id":"https:\/\/www.venac.be\/fr\/venac-demarre-letude-du-projet-belair-rac-4\/#breadcrumb"},"inLanguage":"fr-FR","potentialAction":[{"@type":"ReadAction","target":["https:\/\/www.venac.be\/fr\/venac-demarre-letude-du-projet-belair-rac-4\/"]}]},{"@type":"ImageObject","inLanguage":"fr-FR","@id":"https:\/\/www.venac.be\/fr\/venac-demarre-letude-du-projet-belair-rac-4\/#primaryimage","url":"https:\/\/www.venac.be\/wp-content\/uploads\/2015\/11\/RAC4.jpg","contentUrl":"https:\/\/www.venac.be\/wp-content\/uploads\/2015\/11\/RAC4.jpg","width":4452,"height":3171},{"@type":"BreadcrumbList","@id":"https:\/\/www.venac.be\/fr\/venac-demarre-letude-du-projet-belair-rac-4\/#breadcrumb","itemListElement":[{"@type":"ListItem","position":1,"name":"Home","item":"https:\/\/www.venac.be\/fr\/"},{"@type":"ListItem","position":2,"name":"VENAC d\u00e9marre l&rsquo;\u00e9tude du projet BELAIR &#8211; RAC 4"}]},{"@type":"WebSite","@id":"https:\/\/www.venac.be\/#website","url":"https:\/\/www.venac.be\/","name":"VENAC","description":"Vibrations, ENgineering &amp; ACoustics consulting","potentialAction":[{"@type":"SearchAction","target":{"@type":"EntryPoint","urlTemplate":"https:\/\/www.venac.be\/?s={search_term_string}"},"query-input":"required name=search_term_string"}],"inLanguage":"fr-FR"},{"@type":"Person","@id":"https:\/\/www.venac.be\/#\/schema\/person\/6713560791f9acc3ce559cad3924c4f3","name":"Tom","image":{"@type":"ImageObject","inLanguage":"fr-FR","@id":"https:\/\/www.venac.be\/#\/schema\/person\/image\/","url":"https:\/\/secure.gravatar.com\/avatar\/1e5a34993c43cc8bfcfec526ee59c1e1?s=96&d=mm&r=g","contentUrl":"https:\/\/secure.gravatar.com\/avatar\/1e5a34993c43cc8bfcfec526ee59c1e1?s=96&d=mm&r=g","caption":"Tom"},"url":"https:\/\/www.venac.be\/fr\/author\/admin_cust\/"}]}},"_links":{"self":[{"href":"https:\/\/www.venac.be\/fr\/wp-json\/wp\/v2\/posts\/3498"}],"collection":[{"href":"https:\/\/www.venac.be\/fr\/wp-json\/wp\/v2\/posts"}],"about":[{"href":"https:\/\/www.venac.be\/fr\/wp-json\/wp\/v2\/types\/post"}],"author":[{"embeddable":true,"href":"https:\/\/www.venac.be\/fr\/wp-json\/wp\/v2\/users\/2"}],"replies":[{"embeddable":true,"href":"https:\/\/www.venac.be\/fr\/wp-json\/wp\/v2\/comments?post=3498"}],"version-history":[{"count":4,"href":"https:\/\/www.venac.be\/fr\/wp-json\/wp\/v2\/posts\/3498\/revisions"}],"predecessor-version":[{"id":3754,"href":"https:\/\/www.venac.be\/fr\/wp-json\/wp\/v2\/posts\/3498\/revisions\/3754"}],"wp:featuredmedia":[{"embeddable":true,"href":"https:\/\/www.venac.be\/fr\/wp-json\/wp\/v2\/media\/3495"}],"wp:attachment":[{"href":"https:\/\/www.venac.be\/fr\/wp-json\/wp\/v2\/media?parent=3498"}],"wp:term":[{"taxonomy":"category","embeddable":true,"href":"https:\/\/www.venac.be\/fr\/wp-json\/wp\/v2\/categories?post=3498"},{"taxonomy":"post_tag","embeddable":true,"href":"https:\/\/www.venac.be\/fr\/wp-json\/wp\/v2\/tags?post=3498"}],"curies":[{"name":"wp","href":"https:\/\/api.w.org\/{rel}","templated":true}]}}