{"id":3514,"date":"2015-11-19T19:46:03","date_gmt":"2015-11-19T19:46:03","guid":{"rendered":"http:\/\/venac.be\/fr\/?p=3514"},"modified":"2016-08-26T11:59:50","modified_gmt":"2016-08-26T11:59:50","slug":"a-la-rechercheprojet-adjoint","status":"publish","type":"post","link":"https:\/\/www.venac.be\/fr\/a-la-rechercheprojet-adjoint\/","title":{"rendered":"\u00e0 la recherche d&rsquo;un chef de projet adjoint."},"content":{"rendered":"<p>En collaboration avec les chefs de projet, vous fournissez un soutien dans l\u2019analyse, le suivi et la r\u00e9alisation de projets divers: isolation des bruits a\u00e9riens, r\u00e9verb\u00e9ration, ma\u00eetrise des vibrations et bruits de structure, niveaux de bruits des \u00e9quipements techniques, protection de l\u2019environnement \u2026 De la premi\u00e8re esquises jusqu\u2019\u00e0 l\u2019analyse d\u00e9taill\u00e9e des plans, de textes pour cahier des charges jusqu\u2019aux plans d\u2019ex\u00e9cution, de la r\u00e9alisation jusqu\u2019\u00e0 la r\u00e9ception des travaux, vous aidez les responsables des projets dans le suivi journalier des \u00e9tudes.<\/p>\n<p>Vous prenez en charge le suivi de la communcation vers le ma\u00eetre de l\u2019ouvrage, architecte et les autres bureaux d\u2019\u00e9tudes.<\/p>\n<p>Vous participez aux r\u00e9unions d\u2019\u00e9tudes et r\u00e9unions de chantier.<\/p>\n<p>Vous faites des visites r\u00e9guli\u00e8res des diff\u00e9rents projets pour des contr\u00f4les de chantier en collaboration avec la direction du chantier.<\/p>\n<p>En collaboration avec le responsable du projet, vous r\u00e9alisez consciencieusement des mesures de contr\u00f4le acoustique avant, pendant et apr\u00e8s la r\u00e9alisation.<\/p>\n<p>&nbsp;<\/p>\n<p><strong>Profil:<\/strong><\/p>\n<ul>\n<li>Ing\u00e9nieur de construction, Architecte, Ing\u00e9nieur-Architecte ou \u00e9quivalent par exp\u00e9rience pertinente dans le domaine de la construction.<\/li>\n<li>Vous \u00eates pr\u00eat \u00e0 suivre des formations suppl\u00e9mentaires et de participer \u00e0 des s\u00e9minaires et journ\u00e9es de formation.<\/li>\n<li>Vous prenez des initiatives et vous pouvez travailler de fa\u00e7on autonome.<\/li>\n<li>Vous \u00eates bilingue FR\/NL.<\/li>\n<li>Vous ma\u00eetrisez les logiciels de bureau ainsi qu\u2019une connaissance de AutoCad et SketchUp Pro.<\/li>\n<li>Notions d\u2019acoustique est un plus mais pas indispensable.<\/li>\n<\/ul>\n<p>&nbsp;<\/p>\n<p><strong>Nous offrons:<\/strong><\/p>\n<ul>\n<li>Acc\u00e8s \u00e0 des projets divers et remarquables.<\/li>\n<li>Un cadre de travail agr\u00e9able et dynamique, \u00e9quip\u00e9 des outils de simulation et appareils de mesures de la derni\u00e8re g\u00e9n\u00e9ration.<\/li>\n<li>R\u00e9munaration int\u00e9ressante et divers avantages extra-l\u00e9gaux.<\/li>\n<\/ul>\n","protected":false},"excerpt":{"rendered":"<p>En collaboration avec les chefs de projet, vous fournissez un soutien dans l\u2019analyse, le suivi et la r\u00e9alisation de projets divers: isolation des bruits a\u00e9riens, r\u00e9verb\u00e9ration, ma\u00eetrise des vibrations et [&hellip;]<\/p>\n<p><a href=\"https:\/\/www.venac.be\/fr\/a-la-rechercheprojet-adjoint\/\" class=\"more-link style1-button\">Read More<\/a><\/p>","protected":false},"author":2,"featured_media":3512,"comment_status":"closed","ping_status":"closed","sticky":false,"template":"","format":"standard","meta":{"_exactmetrics_skip_tracking":false,"_exactmetrics_sitenote_active":false,"_exactmetrics_sitenote_note":"","_exactmetrics_sitenote_category":0,"footnotes":""},"categories":[48],"tags":[],"class_list":["post-3514","post","type-post","status-publish","format-standard","has-post-thumbnail","hentry","category-news-fr"],"yoast_head":"<!-- This site is optimized with the Yoast SEO plugin v23.1 - https:\/\/yoast.com\/wordpress\/plugins\/seo\/ -->\n<title>\u00e0 la recherche d&#039;un chef de projet adjoint. - VENAC<\/title>\n<meta name=\"robots\" content=\"index, follow, max-snippet:-1, max-image-preview:large, max-video-preview:-1\" \/>\n<link rel=\"canonical\" href=\"https:\/\/www.venac.be\/fr\/a-la-rechercheprojet-adjoint\/\" \/>\n<meta property=\"og:locale\" content=\"fr_FR\" \/>\n<meta property=\"og:type\" content=\"article\" \/>\n<meta property=\"og:title\" content=\"\u00e0 la recherche d&#039;un chef de projet adjoint. - VENAC\" \/>\n<meta property=\"og:description\" content=\"En collaboration avec les chefs de projet, vous fournissez un soutien dans l\u2019analyse, le suivi et la r\u00e9alisation de projets divers: isolation des bruits a\u00e9riens, r\u00e9verb\u00e9ration, ma\u00eetrise des vibrations et [&hellip;]\" \/>\n<meta property=\"og:url\" content=\"https:\/\/www.venac.be\/fr\/a-la-rechercheprojet-adjoint\/\" \/>\n<meta property=\"og:site_name\" content=\"VENAC\" \/>\n<meta property=\"article:published_time\" content=\"2015-11-19T19:46:03+00:00\" \/>\n<meta property=\"article:modified_time\" content=\"2016-08-26T11:59:50+00:00\" \/>\n<meta property=\"og:image\" content=\"https:\/\/www.venac.be\/wp-content\/uploads\/2015\/11\/construction-site-photo.jpg\" \/>\n\t<meta property=\"og:image:width\" content=\"1440\" \/>\n\t<meta property=\"og:image:height\" content=\"958\" \/>\n\t<meta property=\"og:image:type\" content=\"image\/jpeg\" \/>\n<meta name=\"author\" content=\"Tom\" \/>\n<meta name=\"twitter:card\" content=\"summary_large_image\" \/>\n<meta name=\"twitter:label1\" content=\"\u00c9crit par\" \/>\n\t<meta name=\"twitter:data1\" content=\"Tom\" \/>\n\t<meta name=\"twitter:label2\" content=\"Dur\u00e9e de lecture estim\u00e9e\" \/>\n\t<meta name=\"twitter:data2\" content=\"2 minutes\" \/>\n<script type=\"application\/ld+json\" class=\"yoast-schema-graph\">{\"@context\":\"https:\/\/schema.org\",\"@graph\":[{\"@type\":\"WebPage\",\"@id\":\"https:\/\/www.venac.be\/fr\/a-la-rechercheprojet-adjoint\/\",\"url\":\"https:\/\/www.venac.be\/fr\/a-la-rechercheprojet-adjoint\/\",\"name\":\"\u00e0 la recherche d'un chef de projet adjoint. - VENAC\",\"isPartOf\":{\"@id\":\"https:\/\/www.venac.be\/#website\"},\"primaryImageOfPage\":{\"@id\":\"https:\/\/www.venac.be\/fr\/a-la-rechercheprojet-adjoint\/#primaryimage\"},\"image\":{\"@id\":\"https:\/\/www.venac.be\/fr\/a-la-rechercheprojet-adjoint\/#primaryimage\"},\"thumbnailUrl\":\"https:\/\/www.venac.be\/wp-content\/uploads\/2015\/11\/construction-site-photo.jpg\",\"datePublished\":\"2015-11-19T19:46:03+00:00\",\"dateModified\":\"2016-08-26T11:59:50+00:00\",\"author\":{\"@id\":\"https:\/\/www.venac.be\/#\/schema\/person\/6713560791f9acc3ce559cad3924c4f3\"},\"breadcrumb\":{\"@id\":\"https:\/\/www.venac.be\/fr\/a-la-rechercheprojet-adjoint\/#breadcrumb\"},\"inLanguage\":\"fr-FR\",\"potentialAction\":[{\"@type\":\"ReadAction\",\"target\":[\"https:\/\/www.venac.be\/fr\/a-la-rechercheprojet-adjoint\/\"]}]},{\"@type\":\"ImageObject\",\"inLanguage\":\"fr-FR\",\"@id\":\"https:\/\/www.venac.be\/fr\/a-la-rechercheprojet-adjoint\/#primaryimage\",\"url\":\"https:\/\/www.venac.be\/wp-content\/uploads\/2015\/11\/construction-site-photo.jpg\",\"contentUrl\":\"https:\/\/www.venac.be\/wp-content\/uploads\/2015\/11\/construction-site-photo.jpg\",\"width\":1440,\"height\":958},{\"@type\":\"BreadcrumbList\",\"@id\":\"https:\/\/www.venac.be\/fr\/a-la-rechercheprojet-adjoint\/#breadcrumb\",\"itemListElement\":[{\"@type\":\"ListItem\",\"position\":1,\"name\":\"Home\",\"item\":\"https:\/\/www.venac.be\/fr\/\"},{\"@type\":\"ListItem\",\"position\":2,\"name\":\"\u00e0 la recherche d&rsquo;un chef de projet adjoint.\"}]},{\"@type\":\"WebSite\",\"@id\":\"https:\/\/www.venac.be\/#website\",\"url\":\"https:\/\/www.venac.be\/\",\"name\":\"VENAC\",\"description\":\"Vibrations, ENgineering &amp; ACoustics consulting\",\"potentialAction\":[{\"@type\":\"SearchAction\",\"target\":{\"@type\":\"EntryPoint\",\"urlTemplate\":\"https:\/\/www.venac.be\/?s={search_term_string}\"},\"query-input\":\"required name=search_term_string\"}],\"inLanguage\":\"fr-FR\"},{\"@type\":\"Person\",\"@id\":\"https:\/\/www.venac.be\/#\/schema\/person\/6713560791f9acc3ce559cad3924c4f3\",\"name\":\"Tom\",\"image\":{\"@type\":\"ImageObject\",\"inLanguage\":\"fr-FR\",\"@id\":\"https:\/\/www.venac.be\/#\/schema\/person\/image\/\",\"url\":\"https:\/\/secure.gravatar.com\/avatar\/1e5a34993c43cc8bfcfec526ee59c1e1?s=96&d=mm&r=g\",\"contentUrl\":\"https:\/\/secure.gravatar.com\/avatar\/1e5a34993c43cc8bfcfec526ee59c1e1?s=96&d=mm&r=g\",\"caption\":\"Tom\"},\"url\":\"https:\/\/www.venac.be\/fr\/author\/admin_cust\/\"}]}<\/script>\n<!-- \/ Yoast SEO plugin. -->","yoast_head_json":{"title":"\u00e0 la recherche d'un chef de projet adjoint. - VENAC","robots":{"index":"index","follow":"follow","max-snippet":"max-snippet:-1","max-image-preview":"max-image-preview:large","max-video-preview":"max-video-preview:-1"},"canonical":"https:\/\/www.venac.be\/fr\/a-la-rechercheprojet-adjoint\/","og_locale":"fr_FR","og_type":"article","og_title":"\u00e0 la recherche d'un chef de projet adjoint. - VENAC","og_description":"En collaboration avec les chefs de projet, vous fournissez un soutien dans l\u2019analyse, le suivi et la r\u00e9alisation de projets divers: isolation des bruits a\u00e9riens, r\u00e9verb\u00e9ration, ma\u00eetrise des vibrations et [&hellip;]","og_url":"https:\/\/www.venac.be\/fr\/a-la-rechercheprojet-adjoint\/","og_site_name":"VENAC","article_published_time":"2015-11-19T19:46:03+00:00","article_modified_time":"2016-08-26T11:59:50+00:00","og_image":[{"width":1440,"height":958,"url":"https:\/\/www.venac.be\/wp-content\/uploads\/2015\/11\/construction-site-photo.jpg","type":"image\/jpeg"}],"author":"Tom","twitter_card":"summary_large_image","twitter_misc":{"\u00c9crit par":"Tom","Dur\u00e9e de lecture estim\u00e9e":"2 minutes"},"schema":{"@context":"https:\/\/schema.org","@graph":[{"@type":"WebPage","@id":"https:\/\/www.venac.be\/fr\/a-la-rechercheprojet-adjoint\/","url":"https:\/\/www.venac.be\/fr\/a-la-rechercheprojet-adjoint\/","name":"\u00e0 la recherche d'un chef de projet adjoint. - VENAC","isPartOf":{"@id":"https:\/\/www.venac.be\/#website"},"primaryImageOfPage":{"@id":"https:\/\/www.venac.be\/fr\/a-la-rechercheprojet-adjoint\/#primaryimage"},"image":{"@id":"https:\/\/www.venac.be\/fr\/a-la-rechercheprojet-adjoint\/#primaryimage"},"thumbnailUrl":"https:\/\/www.venac.be\/wp-content\/uploads\/2015\/11\/construction-site-photo.jpg","datePublished":"2015-11-19T19:46:03+00:00","dateModified":"2016-08-26T11:59:50+00:00","author":{"@id":"https:\/\/www.venac.be\/#\/schema\/person\/6713560791f9acc3ce559cad3924c4f3"},"breadcrumb":{"@id":"https:\/\/www.venac.be\/fr\/a-la-rechercheprojet-adjoint\/#breadcrumb"},"inLanguage":"fr-FR","potentialAction":[{"@type":"ReadAction","target":["https:\/\/www.venac.be\/fr\/a-la-rechercheprojet-adjoint\/"]}]},{"@type":"ImageObject","inLanguage":"fr-FR","@id":"https:\/\/www.venac.be\/fr\/a-la-rechercheprojet-adjoint\/#primaryimage","url":"https:\/\/www.venac.be\/wp-content\/uploads\/2015\/11\/construction-site-photo.jpg","contentUrl":"https:\/\/www.venac.be\/wp-content\/uploads\/2015\/11\/construction-site-photo.jpg","width":1440,"height":958},{"@type":"BreadcrumbList","@id":"https:\/\/www.venac.be\/fr\/a-la-rechercheprojet-adjoint\/#breadcrumb","itemListElement":[{"@type":"ListItem","position":1,"name":"Home","item":"https:\/\/www.venac.be\/fr\/"},{"@type":"ListItem","position":2,"name":"\u00e0 la recherche d&rsquo;un chef de projet adjoint."}]},{"@type":"WebSite","@id":"https:\/\/www.venac.be\/#website","url":"https:\/\/www.venac.be\/","name":"VENAC","description":"Vibrations, ENgineering &amp; ACoustics consulting","potentialAction":[{"@type":"SearchAction","target":{"@type":"EntryPoint","urlTemplate":"https:\/\/www.venac.be\/?s={search_term_string}"},"query-input":"required name=search_term_string"}],"inLanguage":"fr-FR"},{"@type":"Person","@id":"https:\/\/www.venac.be\/#\/schema\/person\/6713560791f9acc3ce559cad3924c4f3","name":"Tom","image":{"@type":"ImageObject","inLanguage":"fr-FR","@id":"https:\/\/www.venac.be\/#\/schema\/person\/image\/","url":"https:\/\/secure.gravatar.com\/avatar\/1e5a34993c43cc8bfcfec526ee59c1e1?s=96&d=mm&r=g","contentUrl":"https:\/\/secure.gravatar.com\/avatar\/1e5a34993c43cc8bfcfec526ee59c1e1?s=96&d=mm&r=g","caption":"Tom"},"url":"https:\/\/www.venac.be\/fr\/author\/admin_cust\/"}]}},"_links":{"self":[{"href":"https:\/\/www.venac.be\/fr\/wp-json\/wp\/v2\/posts\/3514"}],"collection":[{"href":"https:\/\/www.venac.be\/fr\/wp-json\/wp\/v2\/posts"}],"about":[{"href":"https:\/\/www.venac.be\/fr\/wp-json\/wp\/v2\/types\/post"}],"author":[{"embeddable":true,"href":"https:\/\/www.venac.be\/fr\/wp-json\/wp\/v2\/users\/2"}],"replies":[{"embeddable":true,"href":"https:\/\/www.venac.be\/fr\/wp-json\/wp\/v2\/comments?post=3514"}],"version-history":[{"count":2,"href":"https:\/\/www.venac.be\/fr\/wp-json\/wp\/v2\/posts\/3514\/revisions"}],"predecessor-version":[{"id":3753,"href":"https:\/\/www.venac.be\/fr\/wp-json\/wp\/v2\/posts\/3514\/revisions\/3753"}],"wp:featuredmedia":[{"embeddable":true,"href":"https:\/\/www.venac.be\/fr\/wp-json\/wp\/v2\/media\/3512"}],"wp:attachment":[{"href":"https:\/\/www.venac.be\/fr\/wp-json\/wp\/v2\/media?parent=3514"}],"wp:term":[{"taxonomy":"category","embeddable":true,"href":"https:\/\/www.venac.be\/fr\/wp-json\/wp\/v2\/categories?post=3514"},{"taxonomy":"post_tag","embeddable":true,"href":"https:\/\/www.venac.be\/fr\/wp-json\/wp\/v2\/tags?post=3514"}],"curies":[{"name":"wp","href":"https:\/\/api.w.org\/{rel}","templated":true}]}}