{"id":3696,"date":"2016-03-29T15:42:06","date_gmt":"2016-03-29T15:42:06","guid":{"rendered":"http:\/\/venac.be\/fr\/cite-de-la-culture-tunis\/"},"modified":"2016-08-25T19:37:29","modified_gmt":"2016-08-25T19:37:29","slug":"cite-de-la-culture-tunis","status":"publish","type":"post","link":"https:\/\/www.venac.be\/fr\/cite-de-la-culture-tunis\/","title":{"rendered":"Cit\u00e9 de la culture &#8211; Tunis"},"content":{"rendered":"<p>Ce projet symbolique a \u00e9t\u00e9 d\u00e9velopp\u00e9 au <strong>milieu des ann\u00e9es 2000<\/strong>. Les travaux, avanc\u00e9es d\u2019environ 60%,\u00a0 furent <strong>arr\u00eat\u00e9s<\/strong> suite \u00e0 la <strong>R\u00e9volution de Jasmin<\/strong> et le renversement du gouvernement du pr\u00e9sident Ben Ali en 2011. Apr\u00e8s un arr\u00eat des travaux de plusieures ann\u00e9es, le projet \u2018<strong>Cit\u00e9 de la Culture de Tunis<\/strong>\u2018 reprend son ex\u00e9cution.\u00a0 La <strong>reprise des travaux<\/strong> a \u00e9t\u00e9 mandat\u00e9 le 27 mars 2016 par le premier Habib Essid.<\/p>\n<p>La premi\u00e8re phase (46.000m\u00b2) comprend une <strong>salle de th\u00e9\u00e2tre pour 1.800 spectateurs<\/strong>, plusieures <strong>salles de cin\u00e9ma<\/strong> et <strong>mus\u00e9es<\/strong> (arts plastiques et contemporains, imagerie, livres,\u2026) La r\u00e9alisation du mus\u00e9e de la <strong>civilisation humaine<\/strong> couvrira 26.000m\u00b2 et serra effectu\u00e9e en deuxi\u00e8me phase.<\/p>\n<p>D\u00e8s le d\u00e9part, <strong>VENAC<\/strong> \u00e9tait en charge des <strong>\u00e9tudes de conception acoustique<\/strong> et continuera aujourd\u2019hui sa mission <strong>de suivi des travaux<\/strong>, mandat\u00e9 par l\u2019architecte <strong>Rhiad Bahri<\/strong>.<\/p>\n","protected":false},"excerpt":{"rendered":"<p>Ce projet symbolique a \u00e9t\u00e9 d\u00e9velopp\u00e9 au milieu des ann\u00e9es 2000. Les travaux, avanc\u00e9es d\u2019environ 60%,\u00a0 furent arr\u00eat\u00e9s suite \u00e0 la R\u00e9volution de Jasmin et le renversement du gouvernement du [&hellip;]<\/p>\n<p><a href=\"https:\/\/www.venac.be\/fr\/cite-de-la-culture-tunis\/\" class=\"more-link style1-button\">Read More<\/a><\/p>","protected":false},"author":2,"featured_media":3694,"comment_status":"closed","ping_status":"closed","sticky":false,"template":"","format":"standard","meta":{"_exactmetrics_skip_tracking":false,"_exactmetrics_sitenote_active":false,"_exactmetrics_sitenote_note":"","_exactmetrics_sitenote_category":0,"footnotes":""},"categories":[53],"tags":[],"class_list":["post-3696","post","type-post","status-publish","format-standard","has-post-thumbnail","hentry","category-projets"],"yoast_head":"<!-- This site is optimized with the Yoast SEO plugin v23.1 - https:\/\/yoast.com\/wordpress\/plugins\/seo\/ -->\n<title>Cit\u00e9 de la culture - Tunis - VENAC<\/title>\n<meta name=\"robots\" content=\"index, follow, max-snippet:-1, max-image-preview:large, max-video-preview:-1\" \/>\n<link rel=\"canonical\" href=\"https:\/\/www.venac.be\/fr\/cite-de-la-culture-tunis\/\" \/>\n<meta property=\"og:locale\" content=\"fr_FR\" \/>\n<meta property=\"og:type\" content=\"article\" \/>\n<meta property=\"og:title\" content=\"Cit\u00e9 de la culture - Tunis - VENAC\" \/>\n<meta property=\"og:description\" content=\"Ce projet symbolique a \u00e9t\u00e9 d\u00e9velopp\u00e9 au milieu des ann\u00e9es 2000. Les travaux, avanc\u00e9es d\u2019environ 60%,\u00a0 furent arr\u00eat\u00e9s suite \u00e0 la R\u00e9volution de Jasmin et le renversement du gouvernement du [&hellip;]\" \/>\n<meta property=\"og:url\" content=\"https:\/\/www.venac.be\/fr\/cite-de-la-culture-tunis\/\" \/>\n<meta property=\"og:site_name\" content=\"VENAC\" \/>\n<meta property=\"article:published_time\" content=\"2016-03-29T15:42:06+00:00\" \/>\n<meta property=\"article:modified_time\" content=\"2016-08-25T19:37:29+00:00\" \/>\n<meta property=\"og:image\" content=\"https:\/\/www.venac.be\/wp-content\/uploads\/2016\/03\/cult1.jpg\" \/>\n\t<meta property=\"og:image:width\" content=\"640\" \/>\n\t<meta property=\"og:image:height\" content=\"435\" \/>\n\t<meta property=\"og:image:type\" content=\"image\/jpeg\" \/>\n<meta name=\"author\" content=\"Tom\" \/>\n<meta name=\"twitter:card\" content=\"summary_large_image\" \/>\n<meta name=\"twitter:label1\" content=\"\u00c9crit par\" \/>\n\t<meta name=\"twitter:data1\" content=\"Tom\" \/>\n\t<meta name=\"twitter:label2\" content=\"Dur\u00e9e de lecture estim\u00e9e\" \/>\n\t<meta name=\"twitter:data2\" content=\"1 minute\" \/>\n<script type=\"application\/ld+json\" class=\"yoast-schema-graph\">{\"@context\":\"https:\/\/schema.org\",\"@graph\":[{\"@type\":\"WebPage\",\"@id\":\"https:\/\/www.venac.be\/fr\/cite-de-la-culture-tunis\/\",\"url\":\"https:\/\/www.venac.be\/fr\/cite-de-la-culture-tunis\/\",\"name\":\"Cit\u00e9 de la culture - Tunis - VENAC\",\"isPartOf\":{\"@id\":\"https:\/\/www.venac.be\/#website\"},\"primaryImageOfPage\":{\"@id\":\"https:\/\/www.venac.be\/fr\/cite-de-la-culture-tunis\/#primaryimage\"},\"image\":{\"@id\":\"https:\/\/www.venac.be\/fr\/cite-de-la-culture-tunis\/#primaryimage\"},\"thumbnailUrl\":\"https:\/\/www.venac.be\/wp-content\/uploads\/2016\/03\/cult1.jpg\",\"datePublished\":\"2016-03-29T15:42:06+00:00\",\"dateModified\":\"2016-08-25T19:37:29+00:00\",\"author\":{\"@id\":\"https:\/\/www.venac.be\/#\/schema\/person\/6713560791f9acc3ce559cad3924c4f3\"},\"breadcrumb\":{\"@id\":\"https:\/\/www.venac.be\/fr\/cite-de-la-culture-tunis\/#breadcrumb\"},\"inLanguage\":\"fr-FR\",\"potentialAction\":[{\"@type\":\"ReadAction\",\"target\":[\"https:\/\/www.venac.be\/fr\/cite-de-la-culture-tunis\/\"]}]},{\"@type\":\"ImageObject\",\"inLanguage\":\"fr-FR\",\"@id\":\"https:\/\/www.venac.be\/fr\/cite-de-la-culture-tunis\/#primaryimage\",\"url\":\"https:\/\/www.venac.be\/wp-content\/uploads\/2016\/03\/cult1.jpg\",\"contentUrl\":\"https:\/\/www.venac.be\/wp-content\/uploads\/2016\/03\/cult1.jpg\",\"width\":640,\"height\":435},{\"@type\":\"BreadcrumbList\",\"@id\":\"https:\/\/www.venac.be\/fr\/cite-de-la-culture-tunis\/#breadcrumb\",\"itemListElement\":[{\"@type\":\"ListItem\",\"position\":1,\"name\":\"Home\",\"item\":\"https:\/\/www.venac.be\/fr\/\"},{\"@type\":\"ListItem\",\"position\":2,\"name\":\"Cit\u00e9 de la culture &#8211; Tunis\"}]},{\"@type\":\"WebSite\",\"@id\":\"https:\/\/www.venac.be\/#website\",\"url\":\"https:\/\/www.venac.be\/\",\"name\":\"VENAC\",\"description\":\"Vibrations, ENgineering &amp; ACoustics consulting\",\"potentialAction\":[{\"@type\":\"SearchAction\",\"target\":{\"@type\":\"EntryPoint\",\"urlTemplate\":\"https:\/\/www.venac.be\/?s={search_term_string}\"},\"query-input\":\"required name=search_term_string\"}],\"inLanguage\":\"fr-FR\"},{\"@type\":\"Person\",\"@id\":\"https:\/\/www.venac.be\/#\/schema\/person\/6713560791f9acc3ce559cad3924c4f3\",\"name\":\"Tom\",\"image\":{\"@type\":\"ImageObject\",\"inLanguage\":\"fr-FR\",\"@id\":\"https:\/\/www.venac.be\/#\/schema\/person\/image\/\",\"url\":\"https:\/\/secure.gravatar.com\/avatar\/1e5a34993c43cc8bfcfec526ee59c1e1?s=96&d=mm&r=g\",\"contentUrl\":\"https:\/\/secure.gravatar.com\/avatar\/1e5a34993c43cc8bfcfec526ee59c1e1?s=96&d=mm&r=g\",\"caption\":\"Tom\"},\"url\":\"https:\/\/www.venac.be\/fr\/author\/admin_cust\/\"}]}<\/script>\n<!-- \/ Yoast SEO plugin. -->","yoast_head_json":{"title":"Cit\u00e9 de la culture - Tunis - VENAC","robots":{"index":"index","follow":"follow","max-snippet":"max-snippet:-1","max-image-preview":"max-image-preview:large","max-video-preview":"max-video-preview:-1"},"canonical":"https:\/\/www.venac.be\/fr\/cite-de-la-culture-tunis\/","og_locale":"fr_FR","og_type":"article","og_title":"Cit\u00e9 de la culture - Tunis - VENAC","og_description":"Ce projet symbolique a \u00e9t\u00e9 d\u00e9velopp\u00e9 au milieu des ann\u00e9es 2000. Les travaux, avanc\u00e9es d\u2019environ 60%,\u00a0 furent arr\u00eat\u00e9s suite \u00e0 la R\u00e9volution de Jasmin et le renversement du gouvernement du [&hellip;]","og_url":"https:\/\/www.venac.be\/fr\/cite-de-la-culture-tunis\/","og_site_name":"VENAC","article_published_time":"2016-03-29T15:42:06+00:00","article_modified_time":"2016-08-25T19:37:29+00:00","og_image":[{"width":640,"height":435,"url":"https:\/\/www.venac.be\/wp-content\/uploads\/2016\/03\/cult1.jpg","type":"image\/jpeg"}],"author":"Tom","twitter_card":"summary_large_image","twitter_misc":{"\u00c9crit par":"Tom","Dur\u00e9e de lecture estim\u00e9e":"1 minute"},"schema":{"@context":"https:\/\/schema.org","@graph":[{"@type":"WebPage","@id":"https:\/\/www.venac.be\/fr\/cite-de-la-culture-tunis\/","url":"https:\/\/www.venac.be\/fr\/cite-de-la-culture-tunis\/","name":"Cit\u00e9 de la culture - Tunis - VENAC","isPartOf":{"@id":"https:\/\/www.venac.be\/#website"},"primaryImageOfPage":{"@id":"https:\/\/www.venac.be\/fr\/cite-de-la-culture-tunis\/#primaryimage"},"image":{"@id":"https:\/\/www.venac.be\/fr\/cite-de-la-culture-tunis\/#primaryimage"},"thumbnailUrl":"https:\/\/www.venac.be\/wp-content\/uploads\/2016\/03\/cult1.jpg","datePublished":"2016-03-29T15:42:06+00:00","dateModified":"2016-08-25T19:37:29+00:00","author":{"@id":"https:\/\/www.venac.be\/#\/schema\/person\/6713560791f9acc3ce559cad3924c4f3"},"breadcrumb":{"@id":"https:\/\/www.venac.be\/fr\/cite-de-la-culture-tunis\/#breadcrumb"},"inLanguage":"fr-FR","potentialAction":[{"@type":"ReadAction","target":["https:\/\/www.venac.be\/fr\/cite-de-la-culture-tunis\/"]}]},{"@type":"ImageObject","inLanguage":"fr-FR","@id":"https:\/\/www.venac.be\/fr\/cite-de-la-culture-tunis\/#primaryimage","url":"https:\/\/www.venac.be\/wp-content\/uploads\/2016\/03\/cult1.jpg","contentUrl":"https:\/\/www.venac.be\/wp-content\/uploads\/2016\/03\/cult1.jpg","width":640,"height":435},{"@type":"BreadcrumbList","@id":"https:\/\/www.venac.be\/fr\/cite-de-la-culture-tunis\/#breadcrumb","itemListElement":[{"@type":"ListItem","position":1,"name":"Home","item":"https:\/\/www.venac.be\/fr\/"},{"@type":"ListItem","position":2,"name":"Cit\u00e9 de la culture &#8211; Tunis"}]},{"@type":"WebSite","@id":"https:\/\/www.venac.be\/#website","url":"https:\/\/www.venac.be\/","name":"VENAC","description":"Vibrations, ENgineering &amp; ACoustics consulting","potentialAction":[{"@type":"SearchAction","target":{"@type":"EntryPoint","urlTemplate":"https:\/\/www.venac.be\/?s={search_term_string}"},"query-input":"required name=search_term_string"}],"inLanguage":"fr-FR"},{"@type":"Person","@id":"https:\/\/www.venac.be\/#\/schema\/person\/6713560791f9acc3ce559cad3924c4f3","name":"Tom","image":{"@type":"ImageObject","inLanguage":"fr-FR","@id":"https:\/\/www.venac.be\/#\/schema\/person\/image\/","url":"https:\/\/secure.gravatar.com\/avatar\/1e5a34993c43cc8bfcfec526ee59c1e1?s=96&d=mm&r=g","contentUrl":"https:\/\/secure.gravatar.com\/avatar\/1e5a34993c43cc8bfcfec526ee59c1e1?s=96&d=mm&r=g","caption":"Tom"},"url":"https:\/\/www.venac.be\/fr\/author\/admin_cust\/"}]}},"_links":{"self":[{"href":"https:\/\/www.venac.be\/fr\/wp-json\/wp\/v2\/posts\/3696"}],"collection":[{"href":"https:\/\/www.venac.be\/fr\/wp-json\/wp\/v2\/posts"}],"about":[{"href":"https:\/\/www.venac.be\/fr\/wp-json\/wp\/v2\/types\/post"}],"author":[{"embeddable":true,"href":"https:\/\/www.venac.be\/fr\/wp-json\/wp\/v2\/users\/2"}],"replies":[{"embeddable":true,"href":"https:\/\/www.venac.be\/fr\/wp-json\/wp\/v2\/comments?post=3696"}],"version-history":[{"count":5,"href":"https:\/\/www.venac.be\/fr\/wp-json\/wp\/v2\/posts\/3696\/revisions"}],"predecessor-version":[{"id":3751,"href":"https:\/\/www.venac.be\/fr\/wp-json\/wp\/v2\/posts\/3696\/revisions\/3751"}],"wp:featuredmedia":[{"embeddable":true,"href":"https:\/\/www.venac.be\/fr\/wp-json\/wp\/v2\/media\/3694"}],"wp:attachment":[{"href":"https:\/\/www.venac.be\/fr\/wp-json\/wp\/v2\/media?parent=3696"}],"wp:term":[{"taxonomy":"category","embeddable":true,"href":"https:\/\/www.venac.be\/fr\/wp-json\/wp\/v2\/categories?post=3696"},{"taxonomy":"post_tag","embeddable":true,"href":"https:\/\/www.venac.be\/fr\/wp-json\/wp\/v2\/tags?post=3696"}],"curies":[{"name":"wp","href":"https:\/\/api.w.org\/{rel}","templated":true}]}}